{"id":3878,"date":"2021-06-29T15:17:59","date_gmt":"2021-06-29T14:17:59","guid":{"rendered":"https:\/\/www.plaque-immat.fr\/blog\/?p=3878"},"modified":"2026-02-03T12:29:28","modified_gmt":"2026-02-03T11:29:28","slug":"fixation-plaque-dimmatriculation-porte-velo","status":"publish","type":"post","link":"https:\/\/www.plaque-immat.fr\/blog\/fixation-plaque-dimmatriculation-porte-velo\/","title":{"rendered":"Plaque d\u2019immatriculation : Comment la fixer sur un porte v\u00e9lo ?"},"content":{"rendered":"<p><span style=\"font-weight: 400;\">La <\/span><a href=\"https:\/\/www.plaque-immat.fr\/\"><span style=\"font-weight: 400;\">plaque d\u2019immatriculation<\/span><\/a><span style=\"font-weight: 400;\"> est obligatoire pour tous les v\u00e9hicules. Elle est l\u2019identit\u00e9 de celui-ci, et est indispensable lors de la conduite.\u00a0<\/span><\/p>\n<h2><span style=\"font-weight: 400;\">De quoi est compos\u00e9e une plaque<\/span><\/h2>\n<p><span style=\"font-weight: 400;\">La plaque peut \u00eatre trouv\u00e9e en plexiglas ou encore en <a href=\"https:\/\/www.plaque-immat.fr\/blog\/aluminium-vs-plexiglass-quel-materiau-choisir-pour-vos-plaques-dimmatriculation\/\">aluminium<\/a>, en fonction du prix que vous pouvez mettre ou de vos pr\u00e9f\u00e9rences. Les num\u00e9ros et les chiffres sur celle-ci sont donn\u00e9s chronologiquement, commen\u00e7ant par la s\u00e9rie AA-000-AA, ensuite AA-001-AA, et se terminant par ZZ-999-ZZ. C\u2019est pour cela qu\u2019aucune plaque ne se ressemble et sont similaires. N\u00e9anmoins, il est quand m\u00eame possible pour le propri\u00e9taire de choisir le num\u00e9ro du d\u00e9partement qui sera affich\u00e9 sur la plaque. De plus, il est interdit maintenant de coller un autocollant en rapport avec votre r\u00e9gion ou d\u00e9partement, car cela serait consid\u00e9r\u00e9 comme une plaque d\u00e9t\u00e9rior\u00e9e. Si c\u2019est le cas et que la police le remarque, vous \u00e9copez d\u2019une amende allant de 90 euros \u00e0 plusieurs centaines d\u2019euros.\u00a0<\/span><\/p>\n<h2><span style=\"font-weight: 400;\">Comment fixer la plaque sur un porte v\u00e9lo<\/span><\/h2>\n<p><span style=\"font-weight: 400;\">Il est obligatoire que la plaque d\u2019immatriculation soit \u00e0 l\u2019avant et \u00e0 l\u2019arri\u00e8re du v\u00e9hicule, afin de pouvoir le rep\u00e9rer. Si ce n\u2019est pas le cas, il est possible d\u2019avoir une amende. Lorsque vous utilisez une remorque, un porte v\u00e9lo ou toute autre chose \u00e0 accrocher derri\u00e8re, il faudra que la plaque soit tout de m\u00eame visible. En fonction du mod\u00e8le de votre porte v\u00e9lo, vous devrez vous adapter. Certains proposent un socle, qui permet d\u2019installer directement la plaque d\u2019immatriculation. Si ce n\u2019est pas le cas, vous pourrez acheter des rivets ainsi que des angles, et de bien attacher la plaque d\u2019immatriculation. Cependant, il ne faut pas que les num\u00e9ros soient cach\u00e9s ou illisibles \u00e0 cause des rivets ou des sangles. Le format de la plaque doit \u00eatre le m\u00eame que la plaque que vous avez \u00e0 l\u2019arri\u00e8re.\u00a0<\/span><\/p>\n<h2><span style=\"font-weight: 400;\">Quels sont les sanctions si la plaque n\u2019est pas en r\u00e8gle<\/span><\/h2>\n<p><span style=\"font-weight: 400;\">Chaque plaque d\u2019immatriculation doit respecter ces quelques r\u00e8gles afin d\u2019\u00eatre conforme. Les \u00e9critures doivent \u00eatre lisibles, il ne doit pas y avoir de graffitis ou bien de police fantaisie, si elle est cass\u00e9e ou d\u00e9t\u00e9rior\u00e9e, il faut aussi la changer. De p lus, elle doit respecter <a href=\"https:\/\/www.plaque-immat.fr\/blog\/dimensions-dimmatriculation\/\">un format correct<\/a>, c\u2019est-\u00e0-dire de 520&#215;110 mm pour les voitures et les camions, 210&#215;130 mm\u00a0 pour les motos et les v\u00e9hicules \u00e0 deux roues, et 275&#215;200 pour les SUV par exemple. Une plaque qui est en train de se d\u00e9tacher doit \u00eatre aussi chang\u00e9e car elle n\u2019est pas consid\u00e9r\u00e9e comme conforme. Il suffit de racheter des rivets plut\u00f4t que d\u2019en acheter une nouvelle. De plus, la plaque ne doit pas \u00eatre fix\u00e9e \u00e0 une inclinaison sup\u00e9rieure \u00e0 30\u00b0, afin de faciliter la lecture de celle-ci. Il est possible d\u2019acheter <a href=\"https:\/\/www.plaque-immat.fr\/blog\/delais-livraison-plaque-immat\/\">une nouvelle plaque sur Internet<\/a> ou bien en pr\u00e9fecture, il suffira de d\u00e9poser ensuite son CERFA. Il y a des sites internet qui simulent l\u2019achat d\u2019une carte grise afin de voir le prix. Celui-ci peut aller de 10 euros pour l\u2019achat d\u2019une plaque, \u00e0 quelques centaines d\u2019euros en fonction de ce que vous choisissez. <\/span><\/p>\n<p>&nbsp;<\/p>\n","protected":false},"excerpt":{"rendered":"<p>La plaque d\u2019immatriculation est obligatoire pour tous les v\u00e9hicules. Elle est l\u2019identit\u00e9 de celui-ci, et est indispensable lors de la conduite.\u00a0 De quoi est compos\u00e9e une plaque La plaque peut \u00eatre trouv\u00e9e en plexiglas ou encore en aluminium, en fonction du prix que vous pouvez mettre ou de vos pr\u00e9f\u00e9rences. Les num\u00e9ros et les chiffres &#8230; <a title=\"Plaque d\u2019immatriculation : Comment la fixer sur un porte v\u00e9lo ?\" class=\"read-more\" href=\"https:\/\/www.plaque-immat.fr\/blog\/fixation-plaque-dimmatriculation-porte-velo\/\" aria-label=\"En savoir plus sur Plaque d\u2019immatriculation : Comment la fixer sur un porte v\u00e9lo ?\">Lire la suite<\/a><\/p>\n","protected":false},"author":1,"featured_media":0,"comment_status":"closed","ping_status":"closed","sticky":false,"template":"","format":"standard","meta":{"footnotes":""},"categories":[3],"tags":[],"class_list":["post-3878","post","type-post","status-publish","format-standard","hentry","category-plaque-dimmatriculation"],"_links":{"self":[{"href":"https:\/\/www.plaque-immat.fr\/blog\/wp-json\/wp\/v2\/posts\/3878","targetHints":{"allow":["GET"]}}],"collection":[{"href":"https:\/\/www.plaque-immat.fr\/blog\/wp-json\/wp\/v2\/posts"}],"about":[{"href":"https:\/\/www.plaque-immat.fr\/blog\/wp-json\/wp\/v2\/types\/post"}],"author":[{"embeddable":true,"href":"https:\/\/www.plaque-immat.fr\/blog\/wp-json\/wp\/v2\/users\/1"}],"replies":[{"embeddable":true,"href":"https:\/\/www.plaque-immat.fr\/blog\/wp-json\/wp\/v2\/comments?post=3878"}],"version-history":[{"count":4,"href":"https:\/\/www.plaque-immat.fr\/blog\/wp-json\/wp\/v2\/posts\/3878\/revisions"}],"predecessor-version":[{"id":3899,"href":"https:\/\/www.plaque-immat.fr\/blog\/wp-json\/wp\/v2\/posts\/3878\/revisions\/3899"}],"wp:attachment":[{"href":"https:\/\/www.plaque-immat.fr\/blog\/wp-json\/wp\/v2\/media?parent=3878"}],"wp:term":[{"taxonomy":"category","embeddable":true,"href":"https:\/\/www.plaque-immat.fr\/blog\/wp-json\/wp\/v2\/categories?post=3878"},{"taxonomy":"post_tag","embeddable":true,"href":"https:\/\/www.plaque-immat.fr\/blog\/wp-json\/wp\/v2\/tags?post=3878"}],"curies":[{"name":"wp","href":"https:\/\/api.w.org\/{rel}","templated":true}]}}